{"id":5980,"date":"2022-09-22T15:27:24","date_gmt":"2022-09-22T15:27:24","guid":{"rendered":"http:\/\/mallorcaempresa.com\/clinicasciaini\/?p=5980"},"modified":"2022-09-22T15:27:25","modified_gmt":"2022-09-22T15:27:25","slug":"como-mejorar-la-higiene-oral-de-las-personas-dependientes-o-con-discapacidad%ef%bf%bc","status":"publish","type":"post","link":"https:\/\/clinicavaleriasciaini.com\/en\/como-mejorar-la-higiene-oral-de-las-personas-dependientes-o-con-discapacidad%ef%bf%bc\/","title":{"rendered":"\u00bfC\u00f3mo mejorar la higiene oral de las personas dependientes o con discapacidad?\ufffc"},"content":{"rendered":"<p>Vamos a ver algunas pr\u00e1cticas que, como profesionales o familiares de estas personas, nos ser\u00e1n \u00fatiles para garantizar una correcta higiene bucal de las personas dependientes:<\/p>\n\n\n\n<ul class=\"wp-block-list\"><li><strong>Respetar y corregir<\/strong>: Es tan importante dejar que la persona se responsabilice y se encargue de su propia higiene como que lo haga bien. As\u00ed, si puede realizar el cepillado y cuidado de su propia boca, no nos tenemos que encargar nosotros de esa tarea. Ahora bien, debemos darle a entender, y explicar bien, los fundamentos b\u00e1sicos del cepillado. Es decir, corregir lo que haga mal.<\/li><li><strong>Mantener un horario<\/strong>: Concretamente, un cepillado despu\u00e9s de cada comida. Si es alguien con problemas de memoria, buscaremos una manera de dejarle recordatorios, por ejemplo.<\/li><li><strong>Evitar el cepillado horizontal<\/strong>: En general no mucha gente conoce la t\u00e9cnica correcta para limpiar los dientes. Hacerlo de manera horizontal suele ser muy agresivo para las enc\u00edas. Por lo tanto, no est\u00e1 recomendado. Lo mejor es empezar en la uni\u00f3n del diente y la enc\u00eda, y cepillar hacia afuera.<\/li><li><strong>No olvidar la limpieza lingual<\/strong>: La lengua es un elemento clave dentro de la boca. No solo acumula bacterias, sino que tambi\u00e9n puede ser un foco de mal aliento.<\/li><li><strong>Usar cepillos interproximales y seda o cinta dental<\/strong>: Eliminan una parte significativa de las bacterias y restos que quedan entre los dientes y no pueden alcanzarse de otro modo. Los cepillos interproximales est\u00e1n dise\u00f1ados para limpiar los espacios interdentales abiertos, y la seda o cinta para los cerrados. Si las&nbsp;<strong>personas con discapacidad<\/strong>&nbsp;no pueden utilizarlos de forma aut\u00f3noma, debemos encargarnos nosotros.<\/li><li><strong>Prestar atenci\u00f3n regular a la boca<\/strong>: Para controlar la aparici\u00f3n de posibles problemas. Nuevamente, si la persona no es capaz de realizar esta tarea, es importante que nos encarguemos nosotros de ella. As\u00ed podremos detectar cualquier problema que surja y tratarlo de modo adecuado. Pensemos, por ejemplo, en las&nbsp;<strong>personas mayores<\/strong>. Muchas han perdido la visi\u00f3n o el pulso, y tambi\u00e9n pueden necesitar de terceros para cumplir con la higiene dental b\u00e1sica.<\/li><\/ul>","protected":false},"excerpt":{"rendered":"<p>Vamos a ver algunas pr\u00e1cticas que, como profesionales o familiares de estas personas, nos ser\u00e1n \u00fatiles para garantizar una correcta higiene bucal de las personas dependientes: Respetar y corregir: Es tan importante dejar que la persona se responsabilice y se encargue de su propia higiene como que lo haga bien. As\u00ed, si puede realizar el &#8230; <a title=\"\u00bfC\u00f3mo mejorar la higiene oral de las personas dependientes o con discapacidad?\ufffc\" class=\"read-more\" href=\"https:\/\/clinicavaleriasciaini.com\/en\/como-mejorar-la-higiene-oral-de-las-personas-dependientes-o-con-discapacidad%ef%bf%bc\/\" aria-label=\"Read more about \u00bfC\u00f3mo mejorar la higiene oral de las personas dependientes o con discapacidad?\ufffc\">Read more<\/a><\/p>","protected":false},"author":2,"featured_media":5983,"comment_status":"open","ping_status":"closed","sticky":false,"template":"","format":"standard","meta":{"footnotes":""},"categories":[1],"tags":[],"class_list":["post-5980","post","type-post","status-publish","format-standard","has-post-thumbnail","hentry","category-sciaini"],"_links":{"self":[{"href":"https:\/\/clinicavaleriasciaini.com\/en\/wp-json\/wp\/v2\/posts\/5980","targetHints":{"allow":["GET"]}}],"collection":[{"href":"https:\/\/clinicavaleriasciaini.com\/en\/wp-json\/wp\/v2\/posts"}],"about":[{"href":"https:\/\/clinicavaleriasciaini.com\/en\/wp-json\/wp\/v2\/types\/post"}],"author":[{"embeddable":true,"href":"https:\/\/clinicavaleriasciaini.com\/en\/wp-json\/wp\/v2\/users\/2"}],"replies":[{"embeddable":true,"href":"https:\/\/clinicavaleriasciaini.com\/en\/wp-json\/wp\/v2\/comments?post=5980"}],"version-history":[{"count":1,"href":"https:\/\/clinicavaleriasciaini.com\/en\/wp-json\/wp\/v2\/posts\/5980\/revisions"}],"predecessor-version":[{"id":5984,"href":"https:\/\/clinicavaleriasciaini.com\/en\/wp-json\/wp\/v2\/posts\/5980\/revisions\/5984"}],"wp:featuredmedia":[{"embeddable":true,"href":"https:\/\/clinicavaleriasciaini.com\/en\/wp-json\/wp\/v2\/media\/5983"}],"wp:attachment":[{"href":"https:\/\/clinicavaleriasciaini.com\/en\/wp-json\/wp\/v2\/media?parent=5980"}],"wp:term":[{"taxonomy":"category","embeddable":true,"href":"https:\/\/clinicavaleriasciaini.com\/en\/wp-json\/wp\/v2\/categories?post=5980"},{"taxonomy":"post_tag","embeddable":true,"href":"https:\/\/clinicavaleriasciaini.com\/en\/wp-json\/wp\/v2\/tags?post=5980"}],"curies":[{"name":"wp","href":"https:\/\/api.w.org\/{rel}","templated":true}]}}